{"data":{"id":5032,"uuid":"128da000-83c4-42d4-af76-b56d6dcb9e18","primer_nombre":"GUSTAVO","segundo_nombre":null,"tercer_nombre":null,"primer_apellido":"MAGA\u00d1A PALMA","segundo_apellido":null,"apellido_casada":null,"foto_url":"https:\/\/api.conadem.gob.sv\/storage\/persona\/perfil\/128da000-83c4-42d4-af76-b56d6dcb9e18\/fabBNIV2BoQ4YqHdUAkjR7KUg2CEEvYCUhLhbMiK.jpg","portada_url":"https:\/\/api.conadem.gob.sv\/img\/banner-perfil-default.png","sobre_mi":"Soy medico general con especialidad en cirug\u00eda general y subespecialidad en cirug\u00eda plastica estetica y reconstructiva y supera especialidad  en cirug\u00eda plastica maxilofacial","verificado":true,"habilitado":true,"color_perfil":"#309C6D","jvpm":"4304","id_profesion":1,"carnet_jvpm_url":"persona\/carnet_jvpm\/128da000-83c4-42d4-af76-b56d6dcb9e18\/QuNQVszUdhGm0jsk5pqod3lIXsUZkxd4zVqB0Qdr.jpg","nombre_carnet_jvpm":"17346519125202530857559586831108.jpg","nombre_carnet_jvpm_posterior":"1734651942591689432782024187528.jpg","total_unidades_valorativas":0,"tipo_documento":{"id":1,"nombre":"DUI"},"nacionalidad":null,"sexo":null,"profesion":{"id":1,"nombre":"MEDICINA"},"idiomas":[{"id":6776,"idioma":{"id":6,"nombre":"Franc\u00e9s"},"nivel_idioma":{"id":2,"nombre":"Intermedio"}},{"id":6777,"idioma":{"id":1,"nombre":"Ingl\u00e9s"},"nivel_idioma":{"id":1,"nombre":"B\u00e1sico"}}],"formaciones":[{"id":21192,"fecha_graduacion":1996,"especialidad_formal":true,"grado":"Cirug\u00eda pl\u00e1stica y reconstructiva","nombre_especialidad_extranjera":null,"id_estado_formacion":1,"homologado_especialidad_extranjera":null,"id_estado_aprobado":true,"nombre_institucion_extranjera":null,"estado_rechazado":false,"ban_nuevo_sello":null,"ban_prev_acred":null,"fecha_expedicion":"2026-02-02","fecha_vencimiento":"2029-02-02","temporal":false,"numero_especialista":"CPLAST-051-1","tipo_educacion":{"id":1,"nombre":"Instituci\u00f3n educativa nacional"},"institucion_educativa":{"id":1,"nombre":"Universidad de El Salvador Central"},"profesion":{"id":1,"nombre":"MEDICINA"},"especialidad":{"id":108,"nombre":"Cirug\u00eda Pl\u00e1stica","id_tipo_especialidad":2},"subespecialidad":null,"estado_formacion":{"id":1,"nombre":"Acreditado","color":"3AC091"}},{"id":21193,"fecha_graduacion":1998,"especialidad_formal":false,"grado":"Cirug\u00eda maxilofacial","nombre_especialidad_extranjera":"Cirug\u00eda maxilofacial","id_estado_formacion":null,"homologado_especialidad_extranjera":false,"id_estado_aprobado":true,"nombre_institucion_extranjera":"Centro hospitalario universitario de grenoble francia","estado_rechazado":false,"ban_nuevo_sello":null,"ban_prev_acred":null,"fecha_expedicion":null,"fecha_vencimiento":null,"temporal":null,"numero_especialista":null,"tipo_educacion":{"id":2,"nombre":"Instituci\u00f3n educativa extranjera"},"institucion_educativa":null,"profesion":{"id":1,"nombre":"MEDICINA"},"especialidad":null,"subespecialidad":null,"estado_formacion":null}],"contactos":[{"id":7600,"contacto":"maganaplasticaes@gmail.com","tipo_contacto":{"id":1,"nombre":"Correo","icono_url":"https:\/\/api.conadem.gob.sv\/storage\/iconos_tipo_contacto\/g6z1qoID6KR5c7mOQ6UDksbk1IFEbRtcMMww4kOu.svg"}}],"palabras_claves":[{"id":7343,"palabra_clave":null,"otro":"Plastica"},{"id":7344,"palabra_clave":null,"otro":"Procedimientos est\u00e9ticos y reconstructivos"}],"experiencias":[{"id":11156,"fecha_inicio":"1996-01-01 00:00:00-06","fecha_fin":"1998-01-01 00:00:00-06","trabajo_actual":false,"id_tipo_institucion":null,"id_institucion_medica":null,"id_pais":71,"nombre_institucion_privada":"Centro hospitalario de grenoble francia","cargo":"Medico especialista de cirugia maxilofacial","ciudad":"Grenoble","mostrar_trabajo_actual":false,"institucion_extranjera":true,"latitude":null,"longitude":null,"tipo_institucion":null,"institucion_medica":null,"distrito":null,"pais":{"id":71,"nombre_pais":"Francia"}},{"id":11155,"fecha_inicio":"1999-01-01 00:00:00-06","fecha_fin":"2017-01-01 00:00:00-06","trabajo_actual":false,"id_tipo_institucion":1,"id_institucion_medica":1,"id_pais":null,"nombre_institucion_privada":null,"cargo":"Medico especialista de cirug\u00eda plastica","ciudad":null,"mostrar_trabajo_actual":null,"institucion_extranjera":false,"latitude":null,"longitude":null,"tipo_institucion":{"id":1,"nombre":"Instituci\u00f3n p\u00fablica"},"institucion_medica":{"id":1,"nombre":"Ministerio de Salud"},"distrito":null,"pais":null}],"eventos_aprobados":[],"amonestaciones":[],"preregistro":null,"solicitud_acreditacion":{"id":4314,"id_estado_solicitud_acreditacion":2,"num_reprogramacion":0,"fecha_cita":null,"estado_cita":null,"updated_at":"17\/03\/2026 10:42","url_pdf_acuerdo_aprobado":"persona\/acuerdo\/aprobado\/5032\/1773765730_8.1.124_GUSTAVO_MAGA\u00d1A_PALMA.pdf","url_pdf_acuerdo_rechazado":null,"motivo_rechazo":null,"estado":{"id":2,"nombre":"Aprobado","color_hex":"#2FD299"},"observaciones":[{"id":5693,"descripcion":"Estimado usuario hemos verificado su perfil por lo que solicitamos adjunte el t\u00edtulo, de cirug\u00eda pl\u00e1stica seleccione en el men\u00fa despegable la especialidad, de igual manera le solicitamos adjunte nuevamente el atestado de cirug\u00eda maxilofacial, en grado obtenido coloque \"cirug\u00eda maxilo facial\", adjunte el titulo y luego si no aparece el men\u00fa despegable ya que fue una especialidad en el extranjero col\u00f3quelo en el campo requerido nuevamente \"cirug\u00eda maxilofacial\" agregue los titulo y seleccione como gustar\u00eda que aparezca su sello con la especialidad seleccionada. esperamos su pronta respuesta gracias.","created_at":"2025-07-01T15:26:33.000000Z"},{"id":5634,"descripcion":"Estimado usuario \r\n\r\nhemos verificado su perfil por lo que solicitamos adjunte el t\u00edtulo, de cirug\u00eda pl\u00e1stica se leccione en el men\u00fa despegable la especialidad, de igual manera le solicitamos adjunte nuevamente el atestado de cirug\u00eda maxilofacial, en grado obtenido coloque \"cirugia maxilo facial\", adjunte el titulo y luego si no aparece el men\u00fa despegable ya que fue una especialidad en el extranjero col\u00f3quelo en el campo requerido nuevamente \"cirugia maxilofacial\" agrege los titulo y seleccione como gustaria que aparezca su sello con la especialidad seleccionada.  \r\n\r\nesperamos su pronta respuesta gracias.","created_at":"2025-06-23T20:55:33.000000Z"}]},"solicitud_modificacion":[]}}