{"data":{"id":843,"uuid":"3ade6160-8634-449b-9b53-80231c456c1a","primer_nombre":"MAYMO GIOVANI","segundo_nombre":null,"tercer_nombre":null,"primer_apellido":"MELENDEZ MARTINEZ","segundo_apellido":null,"apellido_casada":null,"foto_url":"https:\/\/api.conadem.gob.sv\/storage\/persona\/perfil\/3ade6160-8634-449b-9b53-80231c456c1a\/VR5vMyOgV1eYOFSppQVUAsqJoWpC4LvaUXtD8TTa.jpg","portada_url":"https:\/\/api.conadem.gob.sv\/img\/banner-perfil-default.png","sobre_mi":"Soy cirujano pl\u00e1stico est\u00e9tico y Reconstructivo comprometido por el bienestar de mis pacientes","verificado":true,"habilitado":true,"color_perfil":"#309C6D","jvpm":"8344","id_profesion":1,"carnet_jvpm_url":"persona\/carnet_jvpm\/3ade6160-8634-449b-9b53-80231c456c1a\/ElIUXfUSuy4e7VywxJDvvOC7O1DVjXLjwTwo4TqL.jpg","nombre_carnet_jvpm":"frontal.jpeg","nombre_carnet_jvpm_posterior":"posterior.jpeg","total_unidades_valorativas":0,"tipo_documento":{"id":1,"nombre":"DUI"},"nacionalidad":null,"sexo":null,"profesion":{"id":1,"nombre":"MEDICINA"},"idiomas":[{"id":5357,"idioma":{"id":1,"nombre":"Ingl\u00e9s"},"nivel_idioma":{"id":1,"nombre":"B\u00e1sico"}}],"formaciones":[{"id":12818,"fecha_graduacion":2002,"especialidad_formal":false,"grado":"Doctor en medicina y cirugia","nombre_especialidad_extranjera":null,"id_estado_formacion":null,"homologado_especialidad_extranjera":null,"id_estado_aprobado":true,"nombre_institucion_extranjera":null,"estado_rechazado":false,"ban_nuevo_sello":null,"ban_prev_acred":null,"fecha_expedicion":null,"fecha_vencimiento":null,"temporal":null,"numero_especialista":null,"tipo_educacion":{"id":1,"nombre":"Instituci\u00f3n educativa nacional"},"institucion_educativa":{"id":2,"nombre":"Universidad Salvadore\u00f1a Alberto Masferrer"},"profesion":{"id":1,"nombre":"MEDICINA"},"especialidad":null,"subespecialidad":null,"estado_formacion":null},{"id":17881,"fecha_graduacion":2009,"especialidad_formal":null,"grado":"Cirujano pl\u00e1stico y reconstructivo","nombre_especialidad_extranjera":"Cirug\u00eda pl\u00e1stica y reconstructiva","id_estado_formacion":null,"homologado_especialidad_extranjera":false,"id_estado_aprobado":true,"nombre_institucion_extranjera":"Universidad de Guadalajara","estado_rechazado":false,"ban_nuevo_sello":null,"ban_prev_acred":null,"fecha_expedicion":null,"fecha_vencimiento":null,"temporal":null,"numero_especialista":null,"tipo_educacion":{"id":2,"nombre":"Instituci\u00f3n educativa extranjera"},"institucion_educativa":null,"profesion":null,"especialidad":null,"subespecialidad":null,"estado_formacion":null},{"id":14484,"fecha_graduacion":2009,"especialidad_formal":true,"grado":"Cirug\u00eda plastica","nombre_especialidad_extranjera":"Cirug\u00eda plastica","id_estado_formacion":1,"homologado_especialidad_extranjera":true,"id_estado_aprobado":true,"nombre_institucion_extranjera":"Instituto jalicience de cirug\u00eda pl\u00e1stica y Reconstructiva guerrero santos","estado_rechazado":false,"ban_nuevo_sello":null,"ban_prev_acred":null,"fecha_expedicion":"2026-02-02","fecha_vencimiento":"2029-02-02","temporal":false,"numero_especialista":"CPLAST-050-1","tipo_educacion":{"id":2,"nombre":"Instituci\u00f3n educativa extranjera"},"institucion_educativa":null,"profesion":{"id":1,"nombre":"MEDICINA"},"especialidad":{"id":108,"nombre":"Cirug\u00eda Pl\u00e1stica","id_tipo_especialidad":2},"subespecialidad":null,"estado_formacion":{"id":1,"nombre":"Acreditado","color":"3AC091"}}],"contactos":[{"id":5988,"contacto":"drmaymo@gmail.com","tipo_contacto":{"id":1,"nombre":"Correo","icono_url":"https:\/\/api.conadem.gob.sv\/storage\/iconos_tipo_contacto\/g6z1qoID6KR5c7mOQ6UDksbk1IFEbRtcMMww4kOu.svg"}}],"palabras_claves":[{"id":5721,"palabra_clave":null,"otro":"Cirug\u00eda plastica"},{"id":7603,"palabra_clave":null,"otro":"Hola"}],"experiencias":[{"id":8629,"fecha_inicio":"2018-01-01 00:00:00-06","fecha_fin":null,"trabajo_actual":true,"id_tipo_institucion":2,"id_institucion_medica":null,"id_pais":null,"nombre_institucion_privada":"Centro m\u00e9dico ESCALON","cargo":"Cirujano pl\u00e1stico","ciudad":null,"mostrar_trabajo_actual":true,"institucion_extranjera":false,"latitude":"13.701998959432","longitude":"-89.23795067898","tipo_institucion":{"id":2,"nombre":"Instituci\u00f3n privada"},"institucion_medica":null,"distrito":null,"pais":null}],"eventos_aprobados":[],"amonestaciones":[],"preregistro":null,"solicitud_acreditacion":{"id":3398,"id_estado_solicitud_acreditacion":2,"num_reprogramacion":0,"fecha_cita":null,"estado_cita":null,"updated_at":"17\/03\/2026 10:40","url_pdf_acuerdo_aprobado":"persona\/acuerdo\/aprobado\/843\/1773765609_8.1.118_MAYMO_GIOVANI_MELENDEZ_MARTINEZ.pdf","url_pdf_acuerdo_rechazado":null,"motivo_rechazo":null,"estado":{"id":2,"nombre":"Aprobado","color_hex":"#2FD299"},"observaciones":[{"id":4599,"descripcion":"Estimado Usuario, hemos revisado su perfil y para continuar con su proceso de acreditaci\u00f3n le solicitamos cargar su carnet de JVPM en ambas caras, ya que al momento a subido Titulo de Medicina General. Le recomendamos verificar antes de guardar sus actualizaciones en el sistema, que sea el documento correcto a adjuntar. Gracias por su atenci\u00f3n.","created_at":"2025-02-14T20:55:45.000000Z"},{"id":4308,"descripcion":"Estimado Usuario, Hemos notado que ha cargado a la plataforma la fotograf\u00eda del t\u00edtulo de m\u00e9dico o certificado de inscripci\u00f3n; sin embargo se solicita se cargue foto del Carnet JVPM en ambas caras. Gracias por su atenci\u00f3n.","created_at":"2025-01-20T16:43:47.000000Z"},{"id":2539,"descripcion":"Estimado usuario,\n\nOBSERVACION 1\nHemos revisado la imagen cargada a nuestro sitio web y se verifica que la imagen no posee la calidad necesaria para su identificaci\u00f3n. \n\nSe solicita amablemente cargar una nueva imagen con mayor calidad y nitidez, evitando ediciones o aplicaci\u00f3n de filtros que dificulten su identificaci\u00f3n.\n\nOBSERVACION 2\nHemos notado que ha cargado a la plataforma la fotograf\u00eda del t\u00edtulo de m\u00e9dico o certificado de inscripci\u00f3n; sin embargo se solicita se cargue foto del Carnet JVP en ambas caras, siendo indispensable para validaci\u00f3n de la fecha de vigencia del documento. \n\nOBSERVACION 3\nHemos observado que sus atestados no fueron cargados a la plataforma en orden cronol\u00f3gico, por lo que solicitamos su colaboraci\u00f3n a fin de que proceda a cargarlos con un orden cronol\u00f3gico, que facilite la verificaci\u00f3n de sus especialidades m\u00e9dicas y as\u00ed avanzar en su proceso de acreditaci\u00f3n.\n\nGracias por su comprensi\u00f3n.","created_at":"2024-11-12T14:15:42.000000Z"}]},"solicitud_modificacion":[]}}