{"data":{"id":1799,"uuid":"6156c770-1874-4128-af0a-76b7b85d06c8","primer_nombre":"JOSE ISAAC","segundo_nombre":null,"tercer_nombre":null,"primer_apellido":"SOTO PINEDA","segundo_apellido":null,"apellido_casada":null,"foto_url":"https:\/\/api.conadem.gob.sv\/storage\/persona\/perfil\/6156c770-1874-4128-af0a-76b7b85d06c8\/scfdniN8AgpI2FebhSSn91pW2CMdlcbDRE0AHM3G.jpg","portada_url":"https:\/\/api.conadem.gob.sv\/img\/banner-perfil-default.png","sobre_mi":"Soy medico cirujano pl\u00e1stico con formaci\u00f3n en el Hospital Rosales, Francia y M\u00e9xico, actualmente laborando en el Hospital Nacional Rosales desde 1988 hasta la fecha (36 a\u00f1os) donde hemos tenido la satisfacci\u00f3n de ayudar a la poblaci\u00f3n salvadore\u00f1a y centroamericana en sus problemas complejos de salud atendidos en este hospital de tercer nivel. As\u00ed mismo, he tenido la satisfacci\u00f3n de ayudar en la formaci\u00f3n acad\u00e9mica (te\u00f3rica y practica) a mas de 23 residentes que hoy son cirujanos pl\u00e1sticos.","verificado":true,"habilitado":true,"color_perfil":"#309C6D","jvpm":"2978","id_profesion":1,"carnet_jvpm_url":"persona\/carnet_jvpm\/6156c770-1874-4128-af0a-76b7b85d06c8\/ECLIYZdALjDcWnHhe8yBGONQyHDeC5K0OZhWvwQs.jpg","nombre_carnet_jvpm":"WhatsApp Image 2024-10-27 at 10.19.08 AM.jpeg","nombre_carnet_jvpm_posterior":null,"total_unidades_valorativas":0,"tipo_documento":{"id":1,"nombre":"DUI"},"nacionalidad":null,"sexo":null,"profesion":{"id":1,"nombre":"MEDICINA"},"idiomas":[{"id":2194,"idioma":{"id":6,"nombre":"Franc\u00e9s"},"nivel_idioma":{"id":3,"nombre":"Avanzado"}}],"formaciones":[{"id":20928,"fecha_graduacion":1992,"especialidad_formal":false,"grado":"cirug\u00eda General","nombre_especialidad_extranjera":null,"id_estado_formacion":null,"homologado_especialidad_extranjera":null,"id_estado_aprobado":true,"nombre_institucion_extranjera":null,"estado_rechazado":false,"ban_nuevo_sello":null,"ban_prev_acred":null,"fecha_expedicion":null,"fecha_vencimiento":null,"temporal":null,"numero_especialista":null,"tipo_educacion":{"id":1,"nombre":"Instituci\u00f3n educativa nacional"},"institucion_educativa":{"id":10,"nombre":"Hospital Nacional Especializado Rosales"},"profesion":{"id":1,"nombre":"MEDICINA"},"especialidad":{"id":10,"nombre":"Cirug\u00eda General","id_tipo_especialidad":1},"subespecialidad":null,"estado_formacion":null},{"id":20930,"fecha_graduacion":1993,"especialidad_formal":true,"grado":"Cirug\u00eda Pl\u00e1stica","nombre_especialidad_extranjera":"Cirug\u00eda Pl\u00e1stica","id_estado_formacion":1,"homologado_especialidad_extranjera":true,"id_estado_aprobado":true,"nombre_institucion_extranjera":"Hospital Du Tondu","estado_rechazado":false,"ban_nuevo_sello":null,"ban_prev_acred":null,"fecha_expedicion":"2025-06-16","fecha_vencimiento":"2028-06-16","temporal":false,"numero_especialista":"CPLAST-014-1","tipo_educacion":{"id":2,"nombre":"Instituci\u00f3n educativa extranjera"},"institucion_educativa":null,"profesion":{"id":1,"nombre":"MEDICINA"},"especialidad":{"id":108,"nombre":"Cirug\u00eda Pl\u00e1stica","id_tipo_especialidad":2},"subespecialidad":null,"estado_formacion":{"id":1,"nombre":"Acreditado","color":"3AC091"}},{"id":20931,"fecha_graduacion":1993,"especialidad_formal":false,"grado":"Cirug\u00eda pl\u00e1stica quemaduras","nombre_especialidad_extranjera":"Cirug\u00eda pl\u00e1stica quemaduras","id_estado_formacion":null,"homologado_especialidad_extranjera":false,"id_estado_aprobado":true,"nombre_institucion_extranjera":"Grupo Hospitalario pellegrintripode","estado_rechazado":false,"ban_nuevo_sello":null,"ban_prev_acred":null,"fecha_expedicion":null,"fecha_vencimiento":null,"temporal":null,"numero_especialista":null,"tipo_educacion":{"id":2,"nombre":"Instituci\u00f3n educativa extranjera"},"institucion_educativa":null,"profesion":{"id":1,"nombre":"MEDICINA"},"especialidad":null,"subespecialidad":null,"estado_formacion":null},{"id":20932,"fecha_graduacion":1993,"especialidad_formal":false,"grado":"Cirug\u00eda Maxilo facial","nombre_especialidad_extranjera":"Cirug\u00eda Maxilo facial","id_estado_formacion":null,"homologado_especialidad_extranjera":false,"id_estado_aprobado":true,"nombre_institucion_extranjera":"hospital Pellegrin","estado_rechazado":false,"ban_nuevo_sello":null,"ban_prev_acred":null,"fecha_expedicion":null,"fecha_vencimiento":null,"temporal":null,"numero_especialista":null,"tipo_educacion":{"id":2,"nombre":"Instituci\u00f3n educativa extranjera"},"institucion_educativa":null,"profesion":{"id":1,"nombre":"MEDICINA"},"especialidad":null,"subespecialidad":null,"estado_formacion":null},{"id":20933,"fecha_graduacion":2005,"especialidad_formal":false,"grado":"Cirug\u00eda Est\u00e9tica","nombre_especialidad_extranjera":"Cirug\u00eda Est\u00e9tica","id_estado_formacion":null,"homologado_especialidad_extranjera":false,"id_estado_aprobado":true,"nombre_institucion_extranjera":"El instituto jaliciencien de cirugia recosntructiva jose guerro santo","estado_rechazado":false,"ban_nuevo_sello":null,"ban_prev_acred":null,"fecha_expedicion":null,"fecha_vencimiento":null,"temporal":null,"numero_especialista":null,"tipo_educacion":{"id":2,"nombre":"Instituci\u00f3n educativa extranjera"},"institucion_educativa":null,"profesion":{"id":1,"nombre":"MEDICINA"},"especialidad":null,"subespecialidad":null,"estado_formacion":null}],"contactos":[{"id":2533,"contacto":"jisotopineda@hotmail.com","tipo_contacto":{"id":1,"nombre":"Correo","icono_url":"https:\/\/api.conadem.gob.sv\/storage\/iconos_tipo_contacto\/g6z1qoID6KR5c7mOQ6UDksbk1IFEbRtcMMww4kOu.svg"}},{"id":2538,"contacto":"61948519","tipo_contacto":{"id":2,"nombre":"Tel\u00e9fono","icono_url":"https:\/\/api.conadem.gob.sv\/storage\/iconos_tipo_contacto\/h99W2s66Ml5fuIF14Rh9MfadTFi9oblDjs3zZa6q.svg"}}],"palabras_claves":[{"id":2406,"palabra_clave":null,"otro":"cirug\u00eda pl\u00e1stica"}],"experiencias":[{"id":3624,"fecha_inicio":"1994-01-01 00:00:00-06","fecha_fin":null,"trabajo_actual":true,"id_tipo_institucion":1,"id_institucion_medica":17,"id_pais":null,"nombre_institucion_privada":null,"cargo":"Medico Especialista II","ciudad":null,"mostrar_trabajo_actual":null,"institucion_extranjera":false,"latitude":null,"longitude":null,"tipo_institucion":{"id":1,"nombre":"Instituci\u00f3n p\u00fablica"},"institucion_medica":{"id":17,"nombre":"Hospital Nacional San Salvador SS \"Rosales\""},"distrito":null,"pais":null},{"id":3625,"fecha_inicio":"1994-01-01 00:00:00-06","fecha_fin":"2015-01-01 00:00:00-06","trabajo_actual":false,"id_tipo_institucion":1,"id_institucion_medica":2,"id_pais":null,"nombre_institucion_privada":null,"cargo":"Agregado del servicio de cirug\u00eda pl\u00e1stica","ciudad":null,"mostrar_trabajo_actual":null,"institucion_extranjera":false,"latitude":null,"longitude":null,"tipo_institucion":{"id":1,"nombre":"Instituci\u00f3n p\u00fablica"},"institucion_medica":{"id":2,"nombre":"Instituto Salvadore\u00f1o del Seguro Social"},"distrito":null,"pais":null}],"eventos_aprobados":[],"amonestaciones":[],"preregistro":null,"solicitud_acreditacion":{"id":1419,"id_estado_solicitud_acreditacion":2,"num_reprogramacion":0,"fecha_cita":"2025-07-01","estado_cita":2,"updated_at":"16\/02\/2026 11:52","url_pdf_acuerdo_aprobado":"persona\/acuerdo\/aprobado\/1799\/1750795893_CERTIFICACIONES_8.1.203_Jose_Soto.pdf","url_pdf_acuerdo_rechazado":null,"motivo_rechazo":null,"estado":{"id":2,"nombre":"Aprobado","color_hex":"#2FD299"},"observaciones":[{"id":5442,"descripcion":"Estimado usuario, hemos revisado su perfil, encontrando que la especialidad y sub especialidades no sobre pasa los 3 a\u00f1os de formaci\u00f3n. Por lo que le solicitamos adjuntar atestados correspondientes o presentarse a las oficinas de CONADEM en horario de Lunes a Viernes de 7:30 am a 3:30 pm. Gracias por su atenci\u00f3n.","created_at":"2025-05-30T20:29:30.000000Z"},{"id":3585,"descripcion":"Estimado Usuario, Hemos observado que sus atestados no fueron cargados a la plataforma en orden cronol\u00f3gico, por lo que solicitamos su colaboraci\u00f3n a fin de que proceda a cargarlos con un orden cronol\u00f3gico, que facilite la verificaci\u00f3n de sus especialidades m\u00e9dicas y as\u00ed avanzar en su proceso de acreditaci\u00f3n.","created_at":"2024-11-29T16:50:58.000000Z"},{"id":3543,"descripcion":"Estimado Usuario,\n\nHemos observado que sus atestados no fueron cargados a la plataforma en orden cronol\u00f3gico, por lo que solicitamos su colaboraci\u00f3n a fin de que proceda a cargarlos con un orden cronol\u00f3gico, que facilite la verificaci\u00f3n de sus especialidades m\u00e9dicas y as\u00ed avanzar en su proceso de acreditaci\u00f3n.","created_at":"2024-11-28T16:35:45.000000Z"},{"id":1105,"descripcion":"Estimado Usuario,\n\nOBSERVADO 1\nPara avanzar en el proceso de acreditaci\u00f3n, solicitamos cargue de manera digital imagen de Carnet de JVP, en ambas caras, siendo indispensable para validaci\u00f3n de la fecha de vigencia del documento.\n\nOBSERVADO 2\nHemos notado que el t\u00edtulo que ha cargado a la plataforma no es legible. Le solicitamos amablemente que cargue una versi\u00f3n legible del documento mencionado para facilitar el proceso de acreditaci\u00f3n.\n\nAgradecemos su atenci\u00f3n.","created_at":"2024-10-31T22:00:35.000000Z"}]},"solicitud_modificacion":[]}}