{"data":{"id":6066,"uuid":"618fc924-e37e-45b8-8e8b-fa3f7fe47410","primer_nombre":"NADIA","segundo_nombre":null,"tercer_nombre":null,"primer_apellido":"FONSECA ESERSKI","segundo_apellido":null,"apellido_casada":null,"foto_url":"https:\/\/api.conadem.gob.sv\/storage\/persona\/blob:https:\/\/www.conadem.gob.sv\/8319024d-432a-4a71-b080-5b470e0e0f05","portada_url":"https:\/\/api.conadem.gob.sv\/storage\/persona\/perfil\/618fc924-e37e-45b8-8e8b-fa3f7fe47410\/2NBTHk5HxSESA08qMqkVRosuM7hy34fORm0YZHDz.jpg","sobre_mi":"Soy Medico con sub especialidad en Cirug\u00eda Pl\u00e1stica en el \u00e1rea Reconstructiva, para brindar seguridad a los pacientes.","verificado":true,"habilitado":true,"color_perfil":"#309C6D","jvpm":"4914","id_profesion":1,"carnet_jvpm_url":"persona\/carnet_jvpm\/618fc924-e37e-45b8-8e8b-fa3f7fe47410\/iaUJ93SPO2JuFkw5T7qr0O9QsbCugvNAqAXyAtYo.jpg","nombre_carnet_jvpm":"WhatsApp Image 2025-05-20 at 1.21.04 PM.jpeg","nombre_carnet_jvpm_posterior":"WhatsApp Image 2025-05-20 at 1.21.04 PM.jpeg","total_unidades_valorativas":0,"tipo_documento":{"id":1,"nombre":"DUI"},"nacionalidad":null,"sexo":null,"profesion":{"id":1,"nombre":"MEDICINA"},"idiomas":[{"id":8129,"idioma":{"id":3,"nombre":"Espa\u00f1ol Latino"},"nivel_idioma":{"id":3,"nombre":"Avanzado"}},{"id":8130,"idioma":{"id":1,"nombre":"Ingl\u00e9s"},"nivel_idioma":{"id":3,"nombre":"Avanzado"}},{"id":8131,"idioma":{"id":6,"nombre":"Franc\u00e9s"},"nivel_idioma":{"id":3,"nombre":"Avanzado"}}],"formaciones":[{"id":20643,"fecha_graduacion":1995,"especialidad_formal":false,"grado":"CIRUGIA GENERAL","nombre_especialidad_extranjera":null,"id_estado_formacion":null,"homologado_especialidad_extranjera":null,"id_estado_aprobado":true,"nombre_institucion_extranjera":null,"estado_rechazado":false,"ban_nuevo_sello":null,"ban_prev_acred":null,"fecha_expedicion":null,"fecha_vencimiento":null,"temporal":null,"numero_especialista":null,"tipo_educacion":{"id":1,"nombre":"Instituci\u00f3n educativa nacional"},"institucion_educativa":{"id":40,"nombre":"Hospital Militar Central"},"profesion":{"id":1,"nombre":"MEDICINA"},"especialidad":{"id":10,"nombre":"Cirug\u00eda General","id_tipo_especialidad":1},"subespecialidad":null,"estado_formacion":null},{"id":20645,"fecha_graduacion":1998,"especialidad_formal":true,"grado":"CIRUGIA PLASTICA","nombre_especialidad_extranjera":"CIRUGIA PLASTICA","id_estado_formacion":1,"homologado_especialidad_extranjera":true,"id_estado_aprobado":true,"nombre_institucion_extranjera":"UNIVERSITE CLAUDE BERNARD LYON I","estado_rechazado":false,"ban_nuevo_sello":null,"ban_prev_acred":null,"fecha_expedicion":"2026-08-18","fecha_vencimiento":"2029-08-18","temporal":false,"numero_especialista":"CPLAST-067-1","tipo_educacion":{"id":2,"nombre":"Instituci\u00f3n educativa extranjera"},"institucion_educativa":null,"profesion":{"id":1,"nombre":"MEDICINA"},"especialidad":{"id":108,"nombre":"Cirug\u00eda Pl\u00e1stica","id_tipo_especialidad":2},"subespecialidad":null,"estado_formacion":{"id":1,"nombre":"Acreditado","color":"3AC091"}}],"contactos":[{"id":9279,"contacto":"22638215","tipo_contacto":{"id":2,"nombre":"Tel\u00e9fono","icono_url":"https:\/\/api.conadem.gob.sv\/storage\/iconos_tipo_contacto\/h99W2s66Ml5fuIF14Rh9MfadTFi9oblDjs3zZa6q.svg"}},{"id":9280,"contacto":"22639102","tipo_contacto":{"id":2,"nombre":"Tel\u00e9fono","icono_url":"https:\/\/api.conadem.gob.sv\/storage\/iconos_tipo_contacto\/h99W2s66Ml5fuIF14Rh9MfadTFi9oblDjs3zZa6q.svg"}}],"palabras_claves":[{"id":8982,"palabra_clave":null,"otro":"Cirug\u00eda Pl\u00e1stica"},{"id":8983,"palabra_clave":null,"otro":"Cirug\u00eda Pl\u00e1stica Reconstructiva"}],"experiencias":[{"id":13593,"fecha_inicio":"2000-01-01 13:42:35-06","fecha_fin":"2009-01-01 13:42:35-06","trabajo_actual":false,"id_tipo_institucion":1,"id_institucion_medica":1,"id_pais":null,"nombre_institucion_privada":null,"cargo":"STAFF DE CIRUGIA PLASTICA","ciudad":null,"mostrar_trabajo_actual":null,"institucion_extranjera":false,"latitude":null,"longitude":null,"tipo_institucion":{"id":1,"nombre":"Instituci\u00f3n p\u00fablica"},"institucion_medica":{"id":1,"nombre":"Ministerio de Salud"},"distrito":null,"pais":null},{"id":13595,"fecha_inicio":"2000-01-01 13:44:38-06","fecha_fin":null,"trabajo_actual":true,"id_tipo_institucion":2,"id_institucion_medica":null,"id_pais":null,"nombre_institucion_privada":"CENTRO DE CIRUGIA PLASTICA","cargo":"CIRUGIA PLASTICA","ciudad":null,"mostrar_trabajo_actual":false,"institucion_extranjera":false,"latitude":null,"longitude":null,"tipo_institucion":{"id":2,"nombre":"Instituci\u00f3n privada"},"institucion_medica":null,"distrito":null,"pais":null},{"id":15726,"fecha_inicio":"2000-01-01 16:53:48-06","fecha_fin":null,"trabajo_actual":true,"id_tipo_institucion":2,"id_institucion_medica":null,"id_pais":null,"nombre_institucion_privada":"Clinica privada","cargo":"Propietaria","ciudad":null,"mostrar_trabajo_actual":true,"institucion_extranjera":false,"latitude":"13.69302415238","longitude":"-89.243633151054","tipo_institucion":{"id":2,"nombre":"Instituci\u00f3n privada"},"institucion_medica":null,"distrito":null,"pais":null},{"id":13594,"fecha_inicio":"2001-01-01 13:43:29-06","fecha_fin":"2003-01-01 13:43:29-06","trabajo_actual":false,"id_tipo_institucion":1,"id_institucion_medica":13,"id_pais":null,"nombre_institucion_privada":null,"cargo":"STAFF DE CIRUGIA PLASTICA","ciudad":null,"mostrar_trabajo_actual":null,"institucion_extranjera":false,"latitude":null,"longitude":null,"tipo_institucion":{"id":1,"nombre":"Instituci\u00f3n p\u00fablica"},"institucion_medica":{"id":13,"nombre":"Hospital Nacional Santa Tecla LI  \"San Rafael\""},"distrito":null,"pais":null}],"eventos_aprobados":[],"amonestaciones":[],"preregistro":null,"solicitud_acreditacion":{"id":5261,"id_estado_solicitud_acreditacion":2,"num_reprogramacion":null,"fecha_cita":null,"estado_cita":null,"updated_at":"27\/08\/2026 15:23","url_pdf_acuerdo_aprobado":"persona\/acuerdo\/aprobado\/6066\/1787865786_8.1.68_NADIA_FONSECA_ESERSKI.pdf","url_pdf_acuerdo_rechazado":null,"motivo_rechazo":null,"estado":{"id":2,"nombre":"Aprobado","color_hex":"#2FD299"},"observaciones":[{"id":6348,"descripcion":"Estimado usuario, hemos revisado su perfil, para continuar con su proceso de acreditaci\u00f3n es de car\u00e1cter obligatorio adjuntar carnet de JVPM vigente al momento de realizar su solicitud en CONADEM. Gracias por su atenci\u00f3n.","created_at":"2025-10-03T16:41:35.000000Z"}]},"solicitud_modificacion":[{"id":4219,"id_estado_solicitud_modificacion":2,"estado_solicitud":{"id":2,"nombre":"Aprobado","color_hex":"#2FD299"}},{"id":4218,"id_estado_solicitud_modificacion":2,"estado_solicitud":{"id":2,"nombre":"Aprobado","color_hex":"#2FD299"}},{"id":4217,"id_estado_solicitud_modificacion":2,"estado_solicitud":{"id":2,"nombre":"Aprobado","color_hex":"#2FD299"}},{"id":4216,"id_estado_solicitud_modificacion":2,"estado_solicitud":{"id":2,"nombre":"Aprobado","color_hex":"#2FD299"}},{"id":4215,"id_estado_solicitud_modificacion":2,"estado_solicitud":{"id":2,"nombre":"Aprobado","color_hex":"#2FD299"}}]}}