{"data":{"id":6377,"uuid":"c1e5b183-2fc7-43b9-b87e-1e225f55e095","primer_nombre":"ALVARO MARCEL","segundo_nombre":null,"tercer_nombre":null,"primer_apellido":"PAZ MORALES","segundo_apellido":null,"apellido_casada":null,"foto_url":"https:\/\/api.conadem.gob.sv\/storage\/persona\/perfil\/c1e5b183-2fc7-43b9-b87e-1e225f55e095\/M4htnj97nFtmOsoxtCOYOuZxvFcW9y9e06aqNb1R.png","portada_url":"https:\/\/api.conadem.gob.sv\/img\/banner-perfil-default.png","sobre_mi":"Soy medico cirujano plastico dedicado y apasionado por la cirug\u00eda pl\u00e1stica est\u00e9tica. A lo largo de mi carrera me he interesado en traer al pa\u00eds lo ultimo de los mejores tratamientos de cirug\u00eda pl\u00e1stica revolucionando las ultimas t\u00e9cnicas para ofrecer siempre lo mejor a mis pacientes.","verificado":true,"habilitado":true,"color_perfil":"#309C6D","jvpm":"12834","id_profesion":1,"carnet_jvpm_url":"persona\/carnet_jvpm\/c1e5b183-2fc7-43b9-b87e-1e225f55e095\/K31iyqRnAMoc8ny9iyQsxG6EBhS1OUodd3oQXOiW.jpg","nombre_carnet_jvpm":"IMG_3592.jpg","nombre_carnet_jvpm_posterior":"IMG_3593.jpg","total_unidades_valorativas":0,"tipo_documento":{"id":1,"nombre":"DUI"},"nacionalidad":null,"sexo":null,"profesion":{"id":1,"nombre":"MEDICINA"},"idiomas":[{"id":8598,"idioma":{"id":3,"nombre":"Espa\u00f1ol Latino"},"nivel_idioma":{"id":3,"nombre":"Avanzado"}},{"id":8599,"idioma":{"id":1,"nombre":"Ingl\u00e9s"},"nivel_idioma":{"id":2,"nombre":"Intermedio"}},{"id":8600,"idioma":{"id":6,"nombre":"Franc\u00e9s"},"nivel_idioma":{"id":2,"nombre":"Intermedio"}}],"formaciones":[{"id":21565,"fecha_graduacion":2012,"especialidad_formal":null,"grado":"Especialista en Cirug\u00eda General","nombre_especialidad_extranjera":null,"id_estado_formacion":1,"homologado_especialidad_extranjera":null,"id_estado_aprobado":true,"nombre_institucion_extranjera":null,"estado_rechazado":false,"ban_nuevo_sello":null,"ban_prev_acred":null,"fecha_expedicion":"2026-03-18","fecha_vencimiento":"2029-03-18","temporal":false,"numero_especialista":null,"tipo_educacion":{"id":1,"nombre":"Instituci\u00f3n educativa nacional"},"institucion_educativa":{"id":1,"nombre":"Universidad de El Salvador Central"},"profesion":{"id":1,"nombre":"MEDICINA"},"especialidad":{"id":10,"nombre":"Cirug\u00eda General","id_tipo_especialidad":1},"subespecialidad":null,"estado_formacion":{"id":1,"nombre":"Acreditado","color":"3AC091"}},{"id":21564,"fecha_graduacion":2015,"especialidad_formal":true,"grado":"Subespecialista en Cirugia Pl\u00e1stica","nombre_especialidad_extranjera":null,"id_estado_formacion":1,"homologado_especialidad_extranjera":null,"id_estado_aprobado":true,"nombre_institucion_extranjera":null,"estado_rechazado":false,"ban_nuevo_sello":null,"ban_prev_acred":null,"fecha_expedicion":"2026-03-18","fecha_vencimiento":"2029-03-18","temporal":false,"numero_especialista":"CPLAST-059-1","tipo_educacion":{"id":1,"nombre":"Instituci\u00f3n educativa nacional"},"institucion_educativa":{"id":42,"nombre":"Hospital General del Instituto Salvadore\u00f1o del Seguro Social"},"profesion":{"id":1,"nombre":"MEDICINA"},"especialidad":{"id":108,"nombre":"Cirug\u00eda Pl\u00e1stica","id_tipo_especialidad":2},"subespecialidad":null,"estado_formacion":{"id":1,"nombre":"Acreditado","color":"3AC091"}}],"contactos":[{"id":9900,"contacto":"21247209","tipo_contacto":{"id":2,"nombre":"Tel\u00e9fono","icono_url":"https:\/\/api.conadem.gob.sv\/storage\/iconos_tipo_contacto\/h99W2s66Ml5fuIF14Rh9MfadTFi9oblDjs3zZa6q.svg"}},{"id":9901,"contacto":"https:\/\/www.instagram.com\/dr.marcelpaz\/?igsh=MTZ0YXpuaWlpcGZnaQ%3D%3D","tipo_contacto":{"id":7,"nombre":"Instagram","icono_url":"https:\/\/api.conadem.gob.sv\/storage\/iconos_tipo_contacto\/bjlymJFse05KwzbQaTdkSlPmZvZBc2tv2kMBFyJB.svg"}}],"palabras_claves":[{"id":9563,"palabra_clave":null,"otro":"Cirugia Plastica"}],"experiencias":[{"id":14488,"fecha_inicio":"2009-01-01 16:16:48-06","fecha_fin":"2011-01-01 16:16:48-06","trabajo_actual":false,"id_tipo_institucion":1,"id_institucion_medica":2,"id_pais":null,"nombre_institucion_privada":null,"cargo":"Residente de cirugia general","ciudad":null,"mostrar_trabajo_actual":null,"institucion_extranjera":false,"latitude":null,"longitude":null,"tipo_institucion":{"id":1,"nombre":"Instituci\u00f3n p\u00fablica"},"institucion_medica":{"id":2,"nombre":"Instituto Salvadore\u00f1o del Seguro Social"},"distrito":null,"pais":null},{"id":14489,"fecha_inicio":"2012-01-01 16:17:16-06","fecha_fin":"2014-01-01 16:17:16-06","trabajo_actual":false,"id_tipo_institucion":1,"id_institucion_medica":2,"id_pais":null,"nombre_institucion_privada":null,"cargo":"Residente de cirugia plastica","ciudad":null,"mostrar_trabajo_actual":null,"institucion_extranjera":false,"latitude":null,"longitude":null,"tipo_institucion":{"id":1,"nombre":"Instituci\u00f3n p\u00fablica"},"institucion_medica":{"id":2,"nombre":"Instituto Salvadore\u00f1o del Seguro Social"},"distrito":null,"pais":null},{"id":14487,"fecha_inicio":"2015-01-01 16:16:08-06","fecha_fin":"2023-01-01 16:16:08-06","trabajo_actual":false,"id_tipo_institucion":1,"id_institucion_medica":2,"id_pais":null,"nombre_institucion_privada":null,"cargo":"Cirujano Plastico","ciudad":null,"mostrar_trabajo_actual":null,"institucion_extranjera":false,"latitude":null,"longitude":null,"tipo_institucion":{"id":1,"nombre":"Instituci\u00f3n p\u00fablica"},"institucion_medica":{"id":2,"nombre":"Instituto Salvadore\u00f1o del Seguro Social"},"distrito":null,"pais":null},{"id":14490,"fecha_inicio":"2021-01-01 16:18:23-06","fecha_fin":null,"trabajo_actual":true,"id_tipo_institucion":2,"id_institucion_medica":null,"id_pais":null,"nombre_institucion_privada":"Plastic Sugery Center","cargo":"Cirujano Plastico","ciudad":null,"mostrar_trabajo_actual":true,"institucion_extranjera":false,"latitude":"13.700368528191","longitude":"-89.238830489258","tipo_institucion":{"id":2,"nombre":"Instituci\u00f3n privada"},"institucion_medica":null,"distrito":null,"pais":null}],"eventos_aprobados":[],"amonestaciones":[],"preregistro":null,"solicitud_acreditacion":{"id":5586,"id_estado_solicitud_acreditacion":2,"num_reprogramacion":0,"fecha_cita":"2026-06-25","estado_cita":2,"updated_at":"25\/06\/2026 08:41","url_pdf_acuerdo_aprobado":"persona\/acuerdo\/aprobado\/6377\/1777929036_8.1.142_ALVARO_MARCEL_PAZ_MORALES.pdf","url_pdf_acuerdo_rechazado":null,"motivo_rechazo":null,"estado":{"id":2,"nombre":"Aprobado","color_hex":"#2FD299"},"observaciones":[{"id":7697,"descripcion":"Estimado usuario, hemos revisado su perfil observando que en el apartado donde debe adjuntar su carnet de JVPM a colocado su Titulo de Doctor en Medicina, para continuar con proceso de acreditaci\u00f3n es de car\u00e1cter obligatorio adjuntar carnet en ambos lados. Gracias por su atenci\u00f3n","created_at":"2026-01-08T21:10:07.000000Z"},{"id":7293,"descripcion":"Estimado usuario, hemos revisado su perfil observando que en el apartado donde debe adjuntar su carnet de JVPM a colocado su DUI, para continuar con proceso de acreditaci\u00f3n es de car\u00e1cter obligatorio adjuntar carnet en ambos lados. Gracias por su atenci\u00f3n","created_at":"2025-11-26T16:36:33.000000Z"},{"id":5833,"descripcion":"Estimado usuario, hemos revisado su perfil observando que en el apartado donde debe adjuntar su carnet de JVPM a colocado su DUI, para continuar con proceso de acreditaci\u00f3n es de car\u00e1cter obligatorio adjuntar carnet en ambos lados. Gracias por\u00a0su\u00a0atenci\u00f3n.","created_at":"2025-07-15T13:48:33.000000Z"}]},"solicitud_modificacion":[]}}