{"data":{"id":5234,"uuid":"d92223f4-0e0f-4de7-8bfb-d4fa38c81d98","primer_nombre":"ENRIQUE","segundo_nombre":null,"tercer_nombre":null,"primer_apellido":"HERNANDEZ PEREZ","segundo_apellido":null,"apellido_casada":null,"foto_url":"https:\/\/api.conadem.gob.sv\/storage\/persona\/perfil\/d92223f4-0e0f-4de7-8bfb-d4fa38c81d98\/EkmxNjrFlL64A777Xw7tKcDrvmJavFBNIIxFKe7O.jpg","portada_url":"https:\/\/api.conadem.gob.sv\/img\/banner-perfil-default.png","sobre_mi":"M\u00e9dico dermat\u00f3logo, presidente del Colegio Iberoamericano de Dermatolog\u00eda (CILAD) desde 1989 a 1993. He publicado 17 libros a lo largo de mi carrera y m\u00e1s de 400 art\u00edculos publicados.","verificado":true,"habilitado":true,"color_perfil":"#309C6D","jvpm":"637","id_profesion":1,"carnet_jvpm_url":"persona\/carnet_jvpm\/d92223f4-0e0f-4de7-8bfb-d4fa38c81d98\/yxAjvjrLkln2BCkAlLGJBUnvm6LkDj4SVmaa6DuY.jpg","nombre_carnet_jvpm":"WhatsApp Image 2025-01-27 at 6.09.02 PM.jpeg","nombre_carnet_jvpm_posterior":"WhatsApp Image 2025-01-27 at 6.09.30 PM.jpeg","total_unidades_valorativas":0,"tipo_documento":{"id":1,"nombre":"DUI"},"nacionalidad":null,"sexo":null,"profesion":{"id":1,"nombre":"MEDICINA"},"idiomas":[{"id":7034,"idioma":{"id":3,"nombre":"Espa\u00f1ol Latino"},"nivel_idioma":{"id":3,"nombre":"Avanzado"}},{"id":7035,"idioma":{"id":6,"nombre":"Franc\u00e9s"},"nivel_idioma":{"id":2,"nombre":"Intermedio"}},{"id":7036,"idioma":{"id":12,"nombre":"Portugues"},"nivel_idioma":{"id":3,"nombre":"Avanzado"}},{"id":7037,"idioma":{"id":1,"nombre":"Ingl\u00e9s"},"nivel_idioma":{"id":3,"nombre":"Avanzado"}}],"formaciones":[{"id":18012,"fecha_graduacion":1965,"especialidad_formal":false,"grado":"DOCTORADO","nombre_especialidad_extranjera":null,"id_estado_formacion":null,"homologado_especialidad_extranjera":null,"id_estado_aprobado":true,"nombre_institucion_extranjera":null,"estado_rechazado":false,"ban_nuevo_sello":null,"ban_prev_acred":null,"fecha_expedicion":null,"fecha_vencimiento":null,"temporal":null,"numero_especialista":null,"tipo_educacion":{"id":1,"nombre":"Instituci\u00f3n educativa nacional"},"institucion_educativa":{"id":1,"nombre":"Universidad de El Salvador Central"},"profesion":{"id":1,"nombre":"MEDICINA"},"especialidad":null,"subespecialidad":null,"estado_formacion":null},{"id":18013,"fecha_graduacion":1968,"especialidad_formal":true,"grado":"ESPECIALISTA","nombre_especialidad_extranjera":"DERMATOLOG\u00cdA","id_estado_formacion":1,"homologado_especialidad_extranjera":true,"id_estado_aprobado":true,"nombre_institucion_extranjera":"CENTRO DERMATOL\u00d3GICO PASCUA MEXICO","estado_rechazado":false,"ban_nuevo_sello":null,"ban_prev_acred":null,"fecha_expedicion":"2026-03-04","fecha_vencimiento":"2029-03-04","temporal":false,"numero_especialista":"DERM-076-1","tipo_educacion":{"id":2,"nombre":"Instituci\u00f3n educativa extranjera"},"institucion_educativa":null,"profesion":{"id":1,"nombre":"MEDICINA"},"especialidad":{"id":17,"nombre":"Dermatolog\u00eda","id_tipo_especialidad":1},"subespecialidad":null,"estado_formacion":{"id":1,"nombre":"Acreditado","color":"3AC091"}}],"contactos":[{"id":7911,"contacto":"60448696","tipo_contacto":{"id":2,"nombre":"Tel\u00e9fono","icono_url":"https:\/\/api.conadem.gob.sv\/storage\/iconos_tipo_contacto\/h99W2s66Ml5fuIF14Rh9MfadTFi9oblDjs3zZa6q.svg"}}],"palabras_claves":[{"id":7648,"palabra_clave":null,"otro":"dermatologia"}],"experiencias":[{"id":11625,"fecha_inicio":"1970-01-01 00:00:00-06","fecha_fin":null,"trabajo_actual":true,"id_tipo_institucion":2,"id_institucion_medica":null,"id_pais":null,"nombre_institucion_privada":"Centro de dermatolog\u00eda y cirug\u00eda cosm\u00e9tica","cargo":"Director","ciudad":null,"mostrar_trabajo_actual":true,"institucion_extranjera":false,"latitude":"13.7039202","longitude":"-89.247404","tipo_institucion":{"id":2,"nombre":"Instituci\u00f3n privada"},"institucion_medica":null,"distrito":null,"pais":null},{"id":11624,"fecha_inicio":"1971-01-01 00:00:00-06","fecha_fin":"2000-01-01 00:00:00-06","trabajo_actual":false,"id_tipo_institucion":1,"id_institucion_medica":17,"id_pais":null,"nombre_institucion_privada":null,"cargo":"Profesor de dermatolog\u00eda","ciudad":null,"mostrar_trabajo_actual":null,"institucion_extranjera":false,"latitude":null,"longitude":null,"tipo_institucion":{"id":1,"nombre":"Instituci\u00f3n p\u00fablica"},"institucion_medica":{"id":17,"nombre":"Hospital Nacional San Salvador SS \"Rosales\""},"distrito":null,"pais":null}],"eventos_aprobados":[],"amonestaciones":[],"preregistro":null,"solicitud_acreditacion":{"id":4493,"id_estado_solicitud_acreditacion":2,"num_reprogramacion":0,"fecha_cita":"2026-07-02","estado_cita":2,"updated_at":"02\/07\/2026 12:01","url_pdf_acuerdo_aprobado":"persona\/acuerdo\/aprobado\/5234\/1777924716_8.1.47_ENRIQUE_HERNANDEZ_PEREZ.pdf","url_pdf_acuerdo_rechazado":null,"motivo_rechazo":null,"estado":{"id":2,"nombre":"Aprobado","color_hex":"#2FD299"},"observaciones":[{"id":6039,"descripcion":"estimado usuario\r\n\r\nhemos observado su perfil para fin de sello le solicitamos cambie a dermatolog\u00eda ya que al momento aparece como m\u00e9dico general \r\n\r\nesperamos su pronto cambio gracias \r\n\r\nrecuerde dar click en soy un humano y registrarme para guardas lo cambios","created_at":"2025-08-18T17:09:56.000000Z"}]},"solicitud_modificacion":[]}}