{"data":{"id":6072,"uuid":"de782397-2ebd-40eb-b494-5fd5c967a425","primer_nombre":"EDUARDO MAURICIO","segundo_nombre":null,"tercer_nombre":null,"primer_apellido":"REVELO JIRON","segundo_apellido":null,"apellido_casada":null,"foto_url":"https:\/\/api.conadem.gob.sv\/storage\/persona\/perfil\/de782397-2ebd-40eb-b494-5fd5c967a425\/8annU0iyckdBYxpDkXNFw6eiv6yr6U4ZAg5T1VGx.jpg","portada_url":"https:\/\/api.conadem.gob.sv\/img\/banner-perfil-default.png","sobre_mi":"Soy medico, con sub especialidad en Cirug\u00eda pl\u00e1stica, Est\u00e9tica y Reconstructiva, comprometido con los pacientes.","verificado":true,"habilitado":true,"color_perfil":"#309C6D","jvpm":"3189","id_profesion":1,"carnet_jvpm_url":"persona\/carnet_jvpm\/de782397-2ebd-40eb-b494-5fd5c967a425\/6Eeq4yoRbD7I7KGG95FUGYLDq5fozVujbyjBeckN.jpg","nombre_carnet_jvpm":"ANTERIOR .jpg","nombre_carnet_jvpm_posterior":"POSTERIOR.jpg","total_unidades_valorativas":0,"tipo_documento":{"id":1,"nombre":"DUI"},"nacionalidad":null,"sexo":null,"profesion":{"id":1,"nombre":"MEDICINA"},"idiomas":[{"id":8135,"idioma":{"id":1,"nombre":"Ingl\u00e9s"},"nivel_idioma":{"id":2,"nombre":"Intermedio"}},{"id":8136,"idioma":{"id":6,"nombre":"Franc\u00e9s"},"nivel_idioma":{"id":3,"nombre":"Avanzado"}},{"id":8137,"idioma":{"id":3,"nombre":"Espa\u00f1ol Latino"},"nivel_idioma":{"id":3,"nombre":"Avanzado"}}],"formaciones":[{"id":20661,"fecha_graduacion":1989,"especialidad_formal":false,"grado":"CIRUGIA GENERAL","nombre_especialidad_extranjera":null,"id_estado_formacion":null,"homologado_especialidad_extranjera":null,"id_estado_aprobado":true,"nombre_institucion_extranjera":null,"estado_rechazado":false,"ban_nuevo_sello":null,"ban_prev_acred":null,"fecha_expedicion":null,"fecha_vencimiento":null,"temporal":null,"numero_especialista":null,"tipo_educacion":{"id":1,"nombre":"Instituci\u00f3n educativa nacional"},"institucion_educativa":{"id":10,"nombre":"Hospital Nacional Especializado Rosales"},"profesion":{"id":1,"nombre":"MEDICINA"},"especialidad":{"id":10,"nombre":"Cirug\u00eda General","id_tipo_especialidad":1},"subespecialidad":null,"estado_formacion":null},{"id":20662,"fecha_graduacion":1991,"especialidad_formal":true,"grado":"CIRUGIA PLASTICA","nombre_especialidad_extranjera":null,"id_estado_formacion":1,"homologado_especialidad_extranjera":null,"id_estado_aprobado":true,"nombre_institucion_extranjera":null,"estado_rechazado":false,"ban_nuevo_sello":null,"ban_prev_acred":null,"fecha_expedicion":"2026-03-05","fecha_vencimiento":"2029-03-05","temporal":false,"numero_especialista":"CPLAST-057-1","tipo_educacion":{"id":1,"nombre":"Instituci\u00f3n educativa nacional"},"institucion_educativa":{"id":10,"nombre":"Hospital Nacional Especializado Rosales"},"profesion":{"id":1,"nombre":"MEDICINA"},"especialidad":{"id":108,"nombre":"Cirug\u00eda Pl\u00e1stica","id_tipo_especialidad":2},"subespecialidad":null,"estado_formacion":{"id":1,"nombre":"Acreditado","color":"3AC091"}},{"id":20663,"fecha_graduacion":1994,"especialidad_formal":false,"grado":"CIRUGIA PLASTICA","nombre_especialidad_extranjera":"CIRUGIA PLASTICA","id_estado_formacion":1,"homologado_especialidad_extranjera":true,"id_estado_aprobado":true,"nombre_institucion_extranjera":"UNIVERSITE DE BORDEAUX II","estado_rechazado":false,"ban_nuevo_sello":null,"ban_prev_acred":null,"fecha_expedicion":"2026-03-05","fecha_vencimiento":"2029-03-05","temporal":false,"numero_especialista":null,"tipo_educacion":{"id":2,"nombre":"Instituci\u00f3n educativa extranjera"},"institucion_educativa":null,"profesion":{"id":1,"nombre":"MEDICINA"},"especialidad":{"id":108,"nombre":"Cirug\u00eda Pl\u00e1stica","id_tipo_especialidad":2},"subespecialidad":null,"estado_formacion":{"id":1,"nombre":"Acreditado","color":"3AC091"}}],"contactos":[{"id":9300,"contacto":"22638188","tipo_contacto":{"id":2,"nombre":"Tel\u00e9fono","icono_url":"https:\/\/api.conadem.gob.sv\/storage\/iconos_tipo_contacto\/h99W2s66Ml5fuIF14Rh9MfadTFi9oblDjs3zZa6q.svg"}},{"id":9301,"contacto":"cirugiaplasticarj@gmail.com","tipo_contacto":{"id":1,"nombre":"Correo","icono_url":"https:\/\/api.conadem.gob.sv\/storage\/iconos_tipo_contacto\/g6z1qoID6KR5c7mOQ6UDksbk1IFEbRtcMMww4kOu.svg"}}],"palabras_claves":[{"id":8992,"palabra_clave":null,"otro":"Cirug\u00eda pl\u00e1stica"}],"experiencias":[{"id":13638,"fecha_inicio":"1997-01-01 10:41:03-06","fecha_fin":null,"trabajo_actual":true,"id_tipo_institucion":1,"id_institucion_medica":17,"id_pais":null,"nombre_institucion_privada":null,"cargo":"Agregado de servicio de Cirug\u00eda Pl\u00e1stica","ciudad":null,"mostrar_trabajo_actual":null,"institucion_extranjera":false,"latitude":null,"longitude":null,"tipo_institucion":{"id":1,"nombre":"Instituci\u00f3n p\u00fablica"},"institucion_medica":{"id":17,"nombre":"Hospital Nacional San Salvador SS \"Rosales\""},"distrito":null,"pais":null},{"id":13639,"fecha_inicio":"1997-01-01 10:41:55-06","fecha_fin":null,"trabajo_actual":true,"id_tipo_institucion":1,"id_institucion_medica":48,"id_pais":null,"nombre_institucion_privada":null,"cargo":"Profesor II departamento de Cirug\u00eda","ciudad":null,"mostrar_trabajo_actual":null,"institucion_extranjera":false,"latitude":null,"longitude":null,"tipo_institucion":{"id":1,"nombre":"Instituci\u00f3n p\u00fablica"},"institucion_medica":{"id":48,"nombre":"Universidad de El Salvador"},"distrito":null,"pais":null},{"id":13640,"fecha_inicio":"2011-01-01 10:42:43-06","fecha_fin":null,"trabajo_actual":true,"id_tipo_institucion":2,"id_institucion_medica":null,"id_pais":null,"nombre_institucion_privada":"Instituto de Cirug\u00eda Plastica","cargo":"Director Medico","ciudad":null,"mostrar_trabajo_actual":false,"institucion_extranjera":false,"latitude":null,"longitude":null,"tipo_institucion":{"id":2,"nombre":"Instituci\u00f3n privada"},"institucion_medica":null,"distrito":null,"pais":null}],"eventos_aprobados":[],"amonestaciones":[],"preregistro":null,"solicitud_acreditacion":{"id":5265,"id_estado_solicitud_acreditacion":2,"num_reprogramacion":null,"fecha_cita":null,"estado_cita":null,"updated_at":"04\/05\/2026 13:57","url_pdf_acuerdo_aprobado":"persona\/acuerdo\/aprobado\/6072\/1777924637_8.1.45_EDUARDO_MAURICIO_REVELO_JIRON.pdf","url_pdf_acuerdo_rechazado":null,"motivo_rechazo":null,"estado":{"id":2,"nombre":"Aprobado","color_hex":"#2FD299"},"observaciones":[]},"solicitud_modificacion":[]}}