{"data":{"id":5946,"uuid":"f82f11a3-a17b-47f8-9afd-736199529321","primer_nombre":"SALVADOR JOSE MAURICIO","segundo_nombre":null,"tercer_nombre":null,"primer_apellido":"HERNANDEZ PEREZ","segundo_apellido":null,"apellido_casada":null,"foto_url":"https:\/\/api.conadem.gob.sv\/storage\/persona\/perfil\/f82f11a3-a17b-47f8-9afd-736199529321\/hpi8kuT9qb6PqSGyzTxIhRxzWnKJBnhip2FkPvyL.jpg","portada_url":"https:\/\/api.conadem.gob.sv\/img\/banner-perfil-default.png","sobre_mi":"Soy dermat\u00f3logo cl\u00ednico, oncol\u00f3gico y cirujano cosm\u00e9tico, cuento con m\u00e1s de 20 a\u00f1os de experiencia m\u00e9dica respaldado por una s\u00f3lida formaci\u00f3n internacional en M\u00e9xico, Brasil, Venezuela, Bulgaria y EE.\u202fUU. Actualmente atiendemos en el Centro de Dermatolog\u00eda y Cirug\u00eda Cosm\u00e9tica (CDCC) en San Salvador Plaza Villavicencio y en Cl\u00ednica SOHO Cascadas, combinando tecnolog\u00eda de vanguardia con una atenci\u00f3n personalizada que prioriza la salud, est\u00e9tica y bienestar de sus pacientes.","verificado":true,"habilitado":true,"color_perfil":"#309C6D","jvpm":"10168","id_profesion":1,"carnet_jvpm_url":"persona\/carnet_jvpm\/f82f11a3-a17b-47f8-9afd-736199529321\/U3mfHgXrHsqtOJg7WgoNpaPabiCYqqHb17cZtCRn.jpg","nombre_carnet_jvpm":"17456067960048509774192739486905.jpg","nombre_carnet_jvpm_posterior":"17456068435414376829077168309191.jpg","total_unidades_valorativas":0,"tipo_documento":{"id":1,"nombre":"DUI"},"nacionalidad":null,"sexo":null,"profesion":{"id":1,"nombre":"MEDICINA"},"idiomas":[{"id":7954,"idioma":{"id":1,"nombre":"Ingl\u00e9s"},"nivel_idioma":{"id":3,"nombre":"Avanzado"}}],"formaciones":[{"id":24411,"fecha_graduacion":2021,"especialidad_formal":true,"grado":"M\u00e9dico Dermat\u00f3logo","nombre_especialidad_extranjera":"Dermat\u00f3logo","id_estado_formacion":1,"homologado_especialidad_extranjera":true,"id_estado_aprobado":true,"nombre_institucion_extranjera":"Universidad Nacional Aut\u00f3noma de M\u00e9xico","estado_rechazado":false,"ban_nuevo_sello":null,"ban_prev_acred":null,"fecha_expedicion":"2026-03-19","fecha_vencimiento":"2029-03-19","temporal":false,"numero_especialista":"DERM-081-1","tipo_educacion":{"id":2,"nombre":"Instituci\u00f3n educativa extranjera"},"institucion_educativa":null,"profesion":{"id":1,"nombre":"MEDICINA"},"especialidad":{"id":17,"nombre":"Dermatolog\u00eda","id_tipo_especialidad":1},"subespecialidad":null,"estado_formacion":{"id":1,"nombre":"Acreditado","color":"3AC091"}}],"contactos":[{"id":9029,"contacto":"72515890","tipo_contacto":{"id":2,"nombre":"Tel\u00e9fono","icono_url":"https:\/\/api.conadem.gob.sv\/storage\/iconos_tipo_contacto\/h99W2s66Ml5fuIF14Rh9MfadTFi9oblDjs3zZa6q.svg"}}],"palabras_claves":[{"id":8766,"palabra_clave":null,"otro":"Dermat\u00f3logo"}],"experiencias":[{"id":13233,"fecha_inicio":"2007-01-01 12:55:51-06","fecha_fin":null,"trabajo_actual":true,"id_tipo_institucion":2,"id_institucion_medica":null,"id_pais":null,"nombre_institucion_privada":"CENTRO DE DERMATOLGIA Y CIRUGIA COSMETICA DRS HERNANDEZ PEREZ","cargo":"MEDICO DERMATOLOGI","ciudad":null,"mostrar_trabajo_actual":true,"institucion_extranjera":false,"latitude":"13.766063482383","longitude":"-89.221342540153","tipo_institucion":{"id":2,"nombre":"Instituci\u00f3n privada"},"institucion_medica":null,"distrito":null,"pais":null}],"eventos_aprobados":[],"amonestaciones":[],"preregistro":null,"solicitud_acreditacion":{"id":5371,"id_estado_solicitud_acreditacion":2,"num_reprogramacion":0,"fecha_cita":"2026-07-01","estado_cita":2,"updated_at":"01\/07\/2026 11:55","url_pdf_acuerdo_aprobado":"persona\/acuerdo\/aprobado\/5946\/1777929478_8.1.154_SALVADOR_JOSE_MAURICIO_HERNANDEZ_PEREZ.pdf","url_pdf_acuerdo_rechazado":null,"motivo_rechazo":null,"estado":{"id":2,"nombre":"Aprobado","color_hex":"#2FD299"},"observaciones":[{"id":7488,"descripcion":"Estimado usuario, hemos revisado su perfil, para continuar con su proceso de acreditaci\u00f3n, le solicitamos adjuntar su carn\u00e9 vigente de la JVPM y el atestado correspondiente a su especialidad en formato PDF. Es importante que los documentos sean escaneados o digitalizados directamente, evitando fotograf\u00edas tomadas de otras fotograf\u00edas o im\u00e1genes de baja calidad, para garantizar su legibilidad y validez. Gracias por su atenci\u00f3n.","created_at":"2025-12-10T16:32:51.000000Z"}]},"solicitud_modificacion":[]}}